{"id":535,"date":"2023-10-09T13:36:44","date_gmt":"2023-10-09T11:36:44","guid":{"rendered":"https:\/\/www.hotel-sturm.com\/blog\/?p=535"},"modified":"2023-10-09T13:37:41","modified_gmt":"2023-10-09T11:37:41","slug":"andi-und-adil-ein-interkulturelles-doppeljubilaeum","status":"publish","type":"post","link":"https:\/\/www.hotel-sturm.com\/blog\/andi-und-adil-ein-interkulturelles-doppeljubilaeum\/","title":{"rendered":"ANDI und ADIL\u00a0\u00a0&#8211; ein interkulturelles Doppeljubil\u00e4um"},"content":{"rendered":"\t\t<div data-elementor-type=\"wp-post\" data-elementor-id=\"535\" class=\"elementor elementor-535\" data-elementor-post-type=\"post\">\n\t\t\t\t\t\t<section class=\"elementor-section elementor-top-section elementor-element elementor-element-50ad7402 elementor-section-boxed elementor-section-height-default elementor-section-height-default\" data-id=\"50ad7402\" data-element_type=\"section\" data-e-type=\"section\">\n\t\t\t\t\t\t<div class=\"elementor-container elementor-column-gap-default\">\n\t\t\t\t\t<div class=\"elementor-column elementor-col-100 elementor-top-column elementor-element elementor-element-1e47a4f6\" data-id=\"1e47a4f6\" data-element_type=\"column\" data-e-type=\"column\">\n\t\t\t<div class=\"elementor-widget-wrap elementor-element-populated\">\n\t\t\t\t\t\t<div class=\"elementor-element elementor-element-7d584044 elementor-widget elementor-widget-text-editor\" data-id=\"7d584044\" data-element_type=\"widget\" data-e-type=\"widget\" data-widget_type=\"text-editor.default\">\n\t\t\t\t<div class=\"elementor-widget-container\">\n\t\t\t\t\t\t\t\t\t<p><\/p>\n<p><strong>ANDI<\/strong>&nbsp;\u2013 dieser Name steht seit diesem Monat f\u00fcr eine ganze Dekade exzellenter Kochkunst aus der STURMK\u00fcche &#8211; und er ist ein Paradebeispiel daf\u00fcr, wie lohnenswert es sein kann, junge Menschen auszubilden und sie dann erst einmal wieder loszulassen! Denn Andi hat seine Kochausbildung im STURM erfolgreich absolviert, zog dann in die Welt, um Erfahrungen zu sammeln, um sich zu entwickeln, das Erlernte woanders anzuwenden und um irgendwann mit all seinem gewonnenen Wissen wieder ins STURM zur\u00fcckzukehren! Das tat er dann zu unserer gro\u00dfen Freude 2013 und seither verw\u00f6hnt er unsere G\u00e4ste (und uns\ud83d\ude0a) mit seinen K\u00fcnsten. Er ist unser absoluter So\u00dfenspezialist und seine Kuchen und Torten sind ein lukullischer Traum!!!! Danke ANDI&nbsp;&nbsp;&#8211; f\u00fcr&nbsp;<strong>ZEHN<\/strong>&nbsp;Jahre Treue, Deine unglaublich geschmackvolle Arbeit, Deine Teambereichernde Pers\u00f6nlichkeit und Deine Unterst\u00fctzung bei der Ausbildung unserer Lehrlinge. Wir freuen uns auf noch viele Jahre nachhaltiges H\u00fcftgold\ud83d\ude0a))&nbsp;<br><\/p>\n<p><\/p>\n<p><\/p>\n<p>Damit Andi seine Kochkunst bei uns \u00fcberhaupt optimal aus\u00fcben kann, steht ihm und nat\u00fcrlich auch dem gesamten K\u00fcchenTeam seit unglaublichen&nbsp;<strong>F\u00dcNF<\/strong>&nbsp;Jahren schon der wunderbare&nbsp;<strong>ADIL&nbsp;<\/strong>zur Seite. Er ist die zuverl\u00e4ssige Assistenz in allen Belangen der begleitenden K\u00fcchent\u00e4tigkeiten. Er unterst\u00fctzt bei allen anfallenden Arbeiten rund um die kalte K\u00fcche und ist der Master of Geschirr.<br>ADIL ist ein Beispiel f\u00fcr gelebte Integration, denn er musste seine Heimat verlassen, um in unserer Region vielleicht eine neue zu finden. Wir k\u00f6nnen uns nicht wirklich vorstellen, wie sich das anf\u00fchlt und k\u00f6nnen Dir nat\u00fcrlich keine Heimat ersetzen, aber wir freuen uns dar\u00fcber, dass wir ein wenig zu einer f\u00fcr Dich verl\u00e4sslichen Lebenssituation beitragen k\u00f6nnen. Vielen Dank ADIL, dass Du uns seit f\u00fcnf Jahren verbunden bist und das ganze Team mit Deiner verbindlichen Art und hervorragenden Arbeit so zuverl\u00e4ssig unterst\u00fctzt!<\/p><p><br>Wir gratulieren im Namen aller STURMys und freuen uns auf viele weitere Jubil\u00e4en!!<\/p>\n<p><\/p>\t\t\t\t\t\t\t\t<\/div>\n\t\t\t\t<\/div>\n\t\t\t\t\t<\/div>\n\t\t<\/div>\n\t\t\t\t\t<\/div>\n\t\t<\/section>\n\t\t\t\t<\/div>\n\t\t","protected":false},"excerpt":{"rendered":"<p>ANDI&nbsp;\u2013 dieser Name steht seit diesem Monat f\u00fcr eine ganze Dekade exzellenter Kochkunst aus der STURMK\u00fcche &#8211; und er ist ein Paradebeispiel daf\u00fcr, wie lohnenswert es sein kann, junge Menschen auszubilden und sie dann erst einmal wieder loszulassen! Denn Andi hat seine Kochausbildung im STURM erfolgreich absolviert, zog dann in die Welt, um Erfahrungen zu [&hellip;]<\/p>\n","protected":false},"author":1,"featured_media":536,"comment_status":"closed","ping_status":"closed","sticky":false,"template":"","format":"standard","meta":{"footnotes":""},"categories":[25],"tags":[],"class_list":["post-535","post","type-post","status-publish","format-standard","has-post-thumbnail","hentry","category-team"],"_links":{"self":[{"href":"https:\/\/www.hotel-sturm.com\/blog\/wp-json\/wp\/v2\/posts\/535","targetHints":{"allow":["GET"]}}],"collection":[{"href":"https:\/\/www.hotel-sturm.com\/blog\/wp-json\/wp\/v2\/posts"}],"about":[{"href":"https:\/\/www.hotel-sturm.com\/blog\/wp-json\/wp\/v2\/types\/post"}],"author":[{"embeddable":true,"href":"https:\/\/www.hotel-sturm.com\/blog\/wp-json\/wp\/v2\/users\/1"}],"replies":[{"embeddable":true,"href":"https:\/\/www.hotel-sturm.com\/blog\/wp-json\/wp\/v2\/comments?post=535"}],"version-history":[{"count":7,"href":"https:\/\/www.hotel-sturm.com\/blog\/wp-json\/wp\/v2\/posts\/535\/revisions"}],"predecessor-version":[{"id":543,"href":"https:\/\/www.hotel-sturm.com\/blog\/wp-json\/wp\/v2\/posts\/535\/revisions\/543"}],"wp:featuredmedia":[{"embeddable":true,"href":"https:\/\/www.hotel-sturm.com\/blog\/wp-json\/wp\/v2\/media\/536"}],"wp:attachment":[{"href":"https:\/\/www.hotel-sturm.com\/blog\/wp-json\/wp\/v2\/media?parent=535"}],"wp:term":[{"taxonomy":"category","embeddable":true,"href":"https:\/\/www.hotel-sturm.com\/blog\/wp-json\/wp\/v2\/categories?post=535"},{"taxonomy":"post_tag","embeddable":true,"href":"https:\/\/www.hotel-sturm.com\/blog\/wp-json\/wp\/v2\/tags?post=535"}],"curies":[{"name":"wp","href":"https:\/\/api.w.org\/{rel}","templated":true}]}}